{"id":5195,"date":"2022-11-18T04:56:50","date_gmt":"2022-11-18T04:56:50","guid":{"rendered":"https:\/\/malihealth.org\/collecte-de-donnees-et-de-dechets-pour-gnaman-ni-soro-ni-keneya\/"},"modified":"2025-05-14T09:22:12","modified_gmt":"2025-05-14T09:22:12","slug":"collecte-de-donnees-et-de-dechets-pour-gnaman-ni-soro-ni-keneya","status":"publish","type":"post","link":"https:\/\/malihealth.org\/fr\/collecte-de-donnees-et-de-dechets-pour-gnaman-ni-soro-ni-keneya\/","title":{"rendered":"Collecte de donn\u00e9es et de d\u00e9chets pour Gnaman ni S\u00f4r\u00f4 ni K\u00e8n\u00e8ya"},"content":{"rendered":"<p>[et_pb_section fb_built=\u00a0\u00bb1&Prime; _builder_version=\u00a0\u00bb4.16&Prime; global_colors_info=\u00a0\u00bb{}\u00a0\u00bb][et_pb_row _builder_version=\u00a0\u00bb4.16&Prime; background_size=\u00a0\u00bbinitial\u00a0\u00bb background_position=\u00a0\u00bbtop_left\u00a0\u00bb background_repeat=\u00a0\u00bbrepeat\u00a0\u00bb global_colors_info=\u00a0\u00bb{}\u00a0\u00bb][et_pb_column type=\u00a0\u00bb4_4&Prime; _builder_version=\u00a0\u00bb4.16&Prime; custom_padding=\u00a0\u00bb|||\u00a0\u00bb global_colors_info=\u00a0\u00bb{}\u00a0\u00bb custom_padding__hover=\u00a0\u00bb|||\u00a0\u00bb][et_pb_code _builder_version=\u00a0\u00bb4.27.4&Prime; _module_preset=\u00a0\u00bbdefault\u00a0\u00bb text_orientation=\u00a0\u00bbright\u00a0\u00bb hover_enabled=\u00a0\u00bb0&Prime; sticky_enabled=\u00a0\u00bb0&Prime;]\n<div role=\"navigation\" aria-label=\"S\u00e9lecteur de langue\" class=\"wpml-ls-statics-shortcode_actions wpml-ls wpml-ls-legacy-list-horizontal\">\n\t<ul><li class=\"wpml-ls-slot-shortcode_actions wpml-ls-item wpml-ls-item-en wpml-ls-first-item wpml-ls-item-legacy-list-horizontal\">\n\t\t\t\t<a href=\"https:\/\/malihealth.org\/\" hreflang=\"en\" lang=\"en\" class=\"wpml-ls-link\" aria-label=\"Passer \u00e0 English\" title=\"Passer \u00e0 English\">\n\t\t\t\t\t<span class=\"wpml-ls-native\">English<\/span><\/a>\n\t\t\t<\/li><li class=\"wpml-ls-slot-shortcode_actions wpml-ls-item wpml-ls-item-fr wpml-ls-current-language wpml-ls-item-legacy-list-horizontal\">\n\t\t\t\t<a href=\"https:\/\/malihealth.org\/fr\/\" hreflang=\"fr\" lang=\"fr\" class=\"wpml-ls-link\" aria-current=\"page\" aria-label=\"Passer \u00e0 Fran\u00e7ais\" title=\"Passer \u00e0 Fran\u00e7ais\">\n\t\t\t\t\t<span class=\"wpml-ls-native\">Fran\u00e7ais<\/span><\/a>\n\t\t\t<\/li><li class=\"wpml-ls-slot-shortcode_actions wpml-ls-item wpml-ls-item-ba wpml-ls-last-item wpml-ls-item-legacy-list-horizontal\">\n\t\t\t\t<a href=\"https:\/\/malihealth.org\/ba\/\" hreflang=\"ba\" lang=\"ba\" class=\"wpml-ls-link\" aria-label=\"Passer \u00e0 Bamanankan\" title=\"Passer \u00e0 Bamanankan\">\n\t\t\t\t\t<span class=\"wpml-ls-native\">Bamanankan<\/span><\/a>\n\t\t\t<\/li><\/ul>\n<\/div>\n[\/et_pb_code][et_pb_text _builder_version=\u00a0\u00bb4.16&Prime; background_size=\u00a0\u00bbinitial\u00a0\u00bb background_position=\u00a0\u00bbtop_left\u00a0\u00bb background_repeat=\u00a0\u00bbrepeat\u00a0\u00bb global_colors_info=\u00a0\u00bb{}\u00a0\u00bb]<\/p>\n<p class=\"has-small-font-size\"><em>Voici des extraits \u00e9crits par Adam Aicha Hanne, une \u00e9tudiante en MPH \u2013 PharmD qui a pass\u00e9 son stage d\u2019\u00e9t\u00e9 \u00e0 travailler avec l\u2019\u00e9quipe Mali Health \u00e0 Bamako. Elle a travaill\u00e9 sur le projet Gnaman ni S\u00f4r\u00f4 ni K\u00e8n\u00e8ya avec le d\u00e9partement de renforcement des capacit\u00e9s communautaires. <\/em><\/p>\n<p class=\"has-small-font-size\"><em>Les objectifs du projet quinquennal Gnaman ni S\u00f4r\u00f4 ni K\u00e8n\u00e8ya sont d\u2019am\u00e9liorer la sant\u00e9 communautaire en s\u2019attaquant aux risques pour la sant\u00e9 environnementale et en cr\u00e9ant des opportunit\u00e9s d\u2019emploi pour les jeunes et les femmes gr\u00e2ce \u00e0 la collecte des d\u00e9chets, au compostage, au recyclage et \u00e0 la r\u00e9utilisation.<\/em><\/p>\n<p class=\"has-black-color has-text-color\" style=\"font-size:16px\">L\u2019un des objectifs du projet Gnaman ni S\u00f4r\u00f4 ni K\u00e8n\u00e8ya est de transformer ce qui est actuellement trait\u00e9 comme un d\u00e9chet en une mati\u00e8re utile. Sur la base du projet de communaut\u00e9 durable de GAYO au Ghana, nous voulons travailler avec les communaut\u00e9s p\u00e9riurbaines pour convertir les d\u00e9chets quotidiens en produits r\u00e9utilisables. Mais notre premier pas vers la r\u00e9alisation de notre objectif est de mener des enqu\u00eates. Notre recherche est compos\u00e9e de cinq analyses, dont trois sur lesquelles je travaille actuellement :   <\/p>\n<ul class=\"has-black-color has-text-color\" style=\"font-size:16px\">\n<li>Analyse de la composition des d\u00e9chets<\/li>\n<li>Analyse des normes sociales<\/li>\n<li>Analyse des parties prenantes<\/li>\n<\/ul>\n<p class=\"has-black-color has-text-color\" style=\"font-size:16px\">Cette semaine, nous nous sommes concentr\u00e9s sur l\u2019analyse de la composition des d\u00e9chets, car c\u2019est la plus longue et la plus exigeante physiquement. Avec notre \u00e9quipe d\u2019enqu\u00eateurs, nous nous sommes rendus dans nos communaut\u00e9s cibles &#8211; Sabalibougou, Sikoro et Kalabambougou &#8211; pour analyser physiquement les d\u00e9chets g\u00e9n\u00e9r\u00e9s par les maisons participant \u00e0 l\u2019enqu\u00eate. Les enqu\u00eateurs ont re\u00e7u une feuille de calcul qui classifiait les diff\u00e9rents types de d\u00e9chets que l\u2019on trouve g\u00e9n\u00e9ralement dans les sacs de d\u00e9chets.  <\/p>\n<p class=\"has-black-color has-text-color\" style=\"font-size:16px\">Les \u00e9quipes d\u2019enqu\u00eateurs \u00e9taient charg\u00e9es de peser ad\u00e9quatement les sacs de d\u00e9chets, d\u2019identifier et de s\u00e9parer les types de d\u00e9chets et de documenter le poids de chaque type. Les informations seront utilis\u00e9es pour identifier les d\u00e9chets recyclables et quantifier le total des d\u00e9chets par cat\u00e9gorie. Gr\u00e2ce \u00e0 nos analyses, nous comprendrons quels types de d\u00e9chets sont g\u00e9n\u00e9r\u00e9s par les communaut\u00e9s participantes et comment leurs d\u00e9chets peuvent leur \u00eatre b\u00e9n\u00e9fiques.  <\/p>\n<h1>Apprendre de l\u2019histoire<\/h1>\n<div class=\"wp-block-media-text alignwide is-stacked-on-mobile\" style=\"grid-template-columns:33% auto\">\n<figure class=\"wp-block-media-text__media\"><img loading=\"lazy\" decoding=\"async\" width=\"785\" height=\"1024\" src=\"https:\/\/malihealth.org\/wp-content\/uploads\/2022\/11\/adam-785x1024.jpg\" alt=\"Adam Aicha Hanne\" class=\"wp-image-3208 size-full\"><\/figure>\n<div class=\"wp-block-media-text__content\">\n<p class=\"has-black-color has-text-color\" style=\"font-size:16px\">La semaine derni\u00e8re, j\u2019ai eu une conversation profonde et fructueuse avec ma tante et ma cousine sur le Mali pr\u00e9\/post-colonial. Donc, en gros, notre conversation portait sur le Mali dans les ann\u00e9es 1880 et 1960. Nous avons parl\u00e9 de la fa\u00e7on dont le Mali r\u00e9ussissait avec le pouvoir du pr\u00e9sident Modibo Ke\u00efta. Ma tante m\u2019a dit qu\u2019\u00e0 l\u2019\u00e9poque de Modibo Ke\u00efta, le Mali fonctionnait de mani\u00e8re durable et que les rues de Bamako \u00e9taient si propres. Elle a soulign\u00e9 \u00e0 quel point la communaut\u00e9 \u00e9tait centr\u00e9e sur la culture et comment les m\u00e9thodes traditionnelles \u00e9taient respect\u00e9es et suivies comme des lois. Par exemple, les gens \u00e9taient mal vus s\u2019ils jetaient des d\u00e9chets ou ne contribuaient pas aux efforts communautaires pour maintenir le pays \u00e0 niveau. Le Mali \u00e9tait uni sans distinction de tribalisme ou de croyances religieuses. Apr\u00e8s notre conversation, elle m\u2019a dit de jeter un coup d\u2019\u0153il \u00e0 la constitution originale du Mali. Par cons\u00e9quent, je me suis concentr\u00e9 sur la recherche de la premi\u00e8re constitution du Mali juste apr\u00e8s avoir obtenu son ind\u00e9pendance du gouvernement fran\u00e7ais.         <\/p>\n<\/div>\n<\/div>\n<p class=\"has-black-color has-text-color\" style=\"font-size:16px\">\n<p class=\"has-black-color has-text-color\" style=\"font-size:16px\">Cependant, au cours de ces recherches, j\u2019ai appris que Modibo Ke\u00efta avait gouvern\u00e9 en tant que dirigeant du Mali pendant le colonialisme et le post-colonialisme de 1915 \u00e0 1977. Mais ma question principale est devenue : qui dirigeait le Mali avant le colonialisme dans les ann\u00e9es 1880 ? Et quelle \u00e9tait la constitution ou la compr\u00e9hension constitutionnelle du peuple de cette \u00e9poque ? J\u2019esp\u00e8re que mon professeur de bambara qui \u00e9tudie l\u2019histoire et les structures sociales du Mali sera en mesure de combler les lacunes dans les questions que je me pose sur le Mali et son histoire. Je crois sinc\u00e8rement que l\u2019histoire est importante pour comprendre l\u2019avenir. Ma devise \u00e9tait de ne pas s\u2019enliser dans le pass\u00e9, mais de concentrer son \u00e9nergie sur l\u2019avenir. Cette devise m\u2019a toujours \u00e9t\u00e9 utile et m\u2019a permis d\u2019avancer \u00e0 bien des \u00e9gards dans ma vie. Cependant, \u00e0 partir d\u2019aujourd\u2019hui, je comprends maintenant qu\u2019il est important de regarder en arri\u00e8re et d\u2019analyser ce qui a pu fonctionner pour les gens ou les communaut\u00e9s et d\u2019appliquer ces joyaux cach\u00e9s au futur. J\u2019esp\u00e8re qu\u2019en revisitant le pass\u00e9, je pourrai mettre en lumi\u00e8re les joyaux du pass\u00e9 pour \u00e9clairer l\u2019avenir, et j\u2019esp\u00e8re que ce que je trouverai pourra \u00eatre utile \u00e0 mes communaut\u00e9s maliennes.        <\/p>\n<p>[\/et_pb_text][\/et_pb_column][\/et_pb_row][\/et_pb_section]<\/p>\n","protected":false},"excerpt":{"rendered":"<p>\n<div role=\"navigation\" aria-label=\"S\u00e9lecteur de langue\" class=\"wpml-ls-statics-shortcode_actions wpml-ls wpml-ls-legacy-list-horizontal\">\n\t<ul><li class=\"wpml-ls-slot-shortcode_actions wpml-ls-item wpml-ls-item-en wpml-ls-first-item wpml-ls-item-legacy-list-horizontal\">\n\t\t\t\t<a href=\"https:\/\/malihealth.org\/\" hreflang=\"en\" lang=\"en\" class=\"wpml-ls-link\" aria-label=\"Passer \u00e0 English\" title=\"Passer \u00e0 English\">\n\t\t\t\t\t<span class=\"wpml-ls-native\">English<\/span><\/a>\n\t\t\t<\/li><li class=\"wpml-ls-slot-shortcode_actions wpml-ls-item wpml-ls-item-fr wpml-ls-current-language wpml-ls-item-legacy-list-horizontal\">\n\t\t\t\t<a href=\"https:\/\/malihealth.org\/fr\/\" hreflang=\"fr\" lang=\"fr\" class=\"wpml-ls-link\" aria-current=\"page\" aria-label=\"Passer \u00e0 Fran\u00e7ais\" title=\"Passer \u00e0 Fran\u00e7ais\">\n\t\t\t\t\t<span class=\"wpml-ls-native\">Fran\u00e7ais<\/span><\/a>\n\t\t\t<\/li><li class=\"wpml-ls-slot-shortcode_actions wpml-ls-item wpml-ls-item-ba wpml-ls-last-item wpml-ls-item-legacy-list-horizontal\">\n\t\t\t\t<a href=\"https:\/\/malihealth.org\/ba\/\" hreflang=\"ba\" lang=\"ba\" class=\"wpml-ls-link\" aria-label=\"Passer \u00e0 Bamanankan\" title=\"Passer \u00e0 Bamanankan\">\n\t\t\t\t\t<span class=\"wpml-ls-native\">Bamanankan<\/span><\/a>\n\t\t\t<\/li><\/ul>\n<\/div>\nVoici des extraits \u00e9crits par Adam Aicha Hanne, une \u00e9tudiante en MPH \u2013 PharmD qui a pass\u00e9 son stage d\u2019\u00e9t\u00e9 \u00e0 travailler avec l\u2019\u00e9quipe Mali Health \u00e0 Bamako. Elle a travaill\u00e9 sur le projet Gnaman ni S\u00f4r\u00f4 ni K\u00e8n\u00e8ya avec le d\u00e9partement de renforcement des capacit\u00e9s communautaires. Les objectifs du projet quinquennal Gnaman ni S\u00f4r\u00f4 [&hellip;]<\/p>\n","protected":false},"author":5,"featured_media":4047,"comment_status":"closed","ping_status":"open","sticky":false,"template":"","format":"standard","meta":{"_et_pb_use_builder":"on","_et_pb_old_content":"","_et_gb_content_width":"","footnotes":""},"categories":[88,81],"tags":[89,76,83,82],"class_list":["post-5195","post","type-post","status-publish","format-standard","has-post-thumbnail","hentry","category-apprentissage","category-gnaman-ni-soro-ani-keneya-fr","tag-gsk-fr","tag-kalabambougou-fr","tag-sabalibougou-fr","tag-sikoro-fr"],"_links":{"self":[{"href":"https:\/\/malihealth.org\/fr\/wp-json\/wp\/v2\/posts\/5195","targetHints":{"allow":["GET"]}}],"collection":[{"href":"https:\/\/malihealth.org\/fr\/wp-json\/wp\/v2\/posts"}],"about":[{"href":"https:\/\/malihealth.org\/fr\/wp-json\/wp\/v2\/types\/post"}],"author":[{"embeddable":true,"href":"https:\/\/malihealth.org\/fr\/wp-json\/wp\/v2\/users\/5"}],"replies":[{"embeddable":true,"href":"https:\/\/malihealth.org\/fr\/wp-json\/wp\/v2\/comments?post=5195"}],"version-history":[{"count":2,"href":"https:\/\/malihealth.org\/fr\/wp-json\/wp\/v2\/posts\/5195\/revisions"}],"predecessor-version":[{"id":5197,"href":"https:\/\/malihealth.org\/fr\/wp-json\/wp\/v2\/posts\/5195\/revisions\/5197"}],"wp:featuredmedia":[{"embeddable":true,"href":"https:\/\/malihealth.org\/fr\/wp-json\/wp\/v2\/media\/4047"}],"wp:attachment":[{"href":"https:\/\/malihealth.org\/fr\/wp-json\/wp\/v2\/media?parent=5195"}],"wp:term":[{"taxonomy":"category","embeddable":true,"href":"https:\/\/malihealth.org\/fr\/wp-json\/wp\/v2\/categories?post=5195"},{"taxonomy":"post_tag","embeddable":true,"href":"https:\/\/malihealth.org\/fr\/wp-json\/wp\/v2\/tags?post=5195"}],"curies":[{"name":"wp","href":"https:\/\/api.w.org\/{rel}","templated":true}]}}